{"id":1489,"date":"2008-11-26T15:48:28","date_gmt":"2008-11-26T19:48:28","guid":{"rendered":"https:\/\/www.pbs.org\/wnet\/religionandethics\/?p=1489"},"modified":"2013-05-10T15:03:02","modified_gmt":"2013-05-10T19:03:02","slug":"father-marco-antonio-mercado-on-hispanic-catholics","status":"publish","type":"post","link":"https:\/\/www.pbs.org\/wnet\/religionandethics\/2008\/11\/26\/father-marco-antonio-mercado-on-hispanic-catholics\/1489\/","title":{"rendered":"Father Marco Antonio Mercado on Hispanic Catholics"},"content":{"rendered":"<p><strong>Read more of Judy Valente&#8217;s interview with Father Marco Antonio Mercado of  Good Shepherd Catholic Church in Chicago<\/strong>:<\/p>\n<div class=\"captionLeft\">\n<table border=\"0\">\n<tbody>\n<tr>\n<td><a href=\"https:\/\/www.pbs.org\/wnet\/religionandethics\/files\/2008\/11\/1213_hispaniccatholics_mercado.jpg\"><img loading=\"lazy\" decoding=\"async\" class=\"alignnone size-full wp-image-1500\" title=\"1213_hispaniccatholics_mercado\" src=\"https:\/\/www.pbs.org\/wnet\/religionandethics\/files\/2008\/11\/1213_hispaniccatholics_mercado.jpg\" alt=\"\" width=\"239\" height=\"159\" \/><\/a><\/p>\n<p><strong>Father Marco Antonio Mercado<\/strong><\/td>\n<\/tr>\n<\/tbody>\n<\/table>\n<\/div>\n<p><strong>Q: Help us to understand some of the events in the liturgy celebrating  the Virgin of Guadalupe, and if you could explain las ma\u00f1anitas, the Mexican  birthday morning song. <\/strong><\/p>\n<p>A: Well, the ma\u00f1anitas is very strong  tradition, and every time it&#8217;s a birthday or it&#8217;s a big celebration for someone  that you love, we give a serenade, you know, to bring the mariachi or the music  to the window for the person that we love in order to sing. The meaning is we  want them to hear something beautiful on the first moment, the first second of  the day of the celebration. Could be the birthday, the anniversary, or whatever.  So that&#8217;s why people wait until midnight to go to the house of the beloved one  and to sing to the person. It&#8217;s the same meaning [in the church]. We want Our  Lady the first thing to listen in the morning is the music from her beloved sons  and daughters. So that&#8217;s the meaning of the ma\u00f1anitas. It&#8217;s a very strong part  of the Hispanic tradition, mostly Mexican tradition.<\/p>\n<p><strong>Q: What do  some of the words mean? <\/strong><\/p>\n<p>A: The ma\u00f1anitas means &#8220;in the  morning.&#8221; And the meaning of the words is how beautiful is the morning that we  came here to celebrate with you. It&#8217;s so beautiful the day that you were born.  And the day that you were born was the same day that all the flowers in the  world they were born. And because your day is so special, even the angels and  St. Peter and St. Paul, they came to sing to you. And I would like to bring you  a star, I want to bring you the sun, I want to bring you the moon, but I  couldn&#8217;t bring them to you. So I&#8217;m here singing to you and wishing you the best  thing today on your birthday. Mostly what we celebrate is the day of your saint,  because in the Hispanic tradition, mostly when you were born you received the  name of the saint of the day. So when the music was composed, that was the same  thing &#8212; to say you&#8217;re celebrating your birthday is the same thing to say you  are celebrating your saint.<\/p>\n<p><strong>Q: We saw you bring the children up  around the altar. What were you saying to them, and what were the children doing  when they raised their hands?<\/strong><\/p>\n<p>A: I love to do that all the  time, to bring the kids so they can participate in the liturgy, in the  Eucharist. What I do every time is I explain to them and say, okay, what we have  here is just bread or is the body of Christ.<\/p>\n<p>So they answer &#8212; half of  them say it&#8217;s just bread, some say it is the body of Christ. And then I explain  to them, I say, well, this is just bread. It&#8217;s not yet the body of Christ. We&#8217;re  going to pray together, we&#8217;re going to bless the bread and the wine, and it&#8217;s  going to become the body and blood of Jesus. So for you to know exactly the  moment when this is going to happen, I want you to raise your hands when I raise  the chalice and the cup. So you will know and people will know that now we have  the presence of Jesus in the bread and the wine. And that&#8217;s why I talked to them  and explained to them the liturgy and make them help me. I said you&#8217;ve got to  help me to celebrate mass because mass &#8212; we all of us, we celebrate the  Eucharist. We celebrate the mass. It&#8217;s not only myself, it&#8217;s everyone here,  including yourselves helping me to do this. And that&#8217;s why I ask them to raise  their hands and I have this dialogue with them. They like it a lot because it  makes them feel part of the celebration and to participate, and it&#8217;s something  different. It looks nice from the altar to the people. They listen to me and at  the same time they say hi to mom and dad who are in front in the pews. So it&#8217;s  nice.<\/p>\n<p><strong>Q: What is the meaning of the quincea\u00f1era?<\/strong><\/p>\n<p>A: The quincea\u00f1era is a very interesting meaning because traditionally  it goes back to the Aztecs. In the time of the Aztecs and the Indians, before  the Spaniards came, that was a very special celebration where one of the young  ladies between 13, 14 years old, probably the best in the village, was presented  to the gods as offertory, as an offering to the gods. And in return, the gods  blessed the village, would allow prosperity in all the ways, and so that was a  very important ceremony. So the girl was chosen among all the girls in the town,  so the family was very blessed, so the girl was offered to the god, was  sacrificed, presented to the gods. And [it] also was a time of celebration for  the entire village because the gods accepted the girl. When the Spaniards came  and the Catholic priests came, they saw it. Then of course they didn&#8217;t want the  human sacrifices. So they changed it, and instead of presenting the girl to the  gods, they said, okay, we&#8217;re going to offer a mass of thanksgiving in the church  for the girl. And they said, well, now we&#8217;re going to ask God to bless the girl  and bless all the girls so they can have a lot of kids. So God is going to bless  us with a lot of kids so we can have a lot of people to work in the land, we can  have a lot of priests and nuns and things like that. So that was how it started  the celebration of the quincea\u00f1era. Somewhere in the 1700s, 1800s, the people  from Mexico, especially rich people, they wanted to do something different. So  they got a tradition from especially France, where the king had a special  ceremony to present the princess in society. And that was also a time when they  said the princess is ready to get married. And they had a very beautiful party  in the palace where all the young guys of the rich guys went to accompany the  princess and also the girls, the friends of the princess. So the people from  Mexico, they got that part and they put it together with the traditional  quincea\u00f1era, the mass of thanksgiving. And so now we have the mass and the big  party that looks like a wedding, because the girl comes in a special dress.<\/p>\n<p>The girl is going to come with what we call chambelanes and damas, which  is the something between seven and 12, 13 boys, teenagers that are going to  accompany [her], and also between seven and 12 girls that are going to accompany  the quincea\u00f1era \u2026 This is a very important moment for the family. This is very  into the roots of the Mexican community, Mexican tradition. So the girl is going  to be presented to the church. She&#8217;s going to have the damas, she&#8217;s going to  have the chambelanes, she&#8217;s going to have a lot of sponsors that we can  padrinos. And the Eucharist, mostly, is going to be thanksgiving ceremony for  the girl. The girl is going to be right in the middle of the church because the  entire ceremony is focused on her and thanksgiving to God for her life and also  to present her to God as her youth and her life and everything. Quincea\u00f1era  means 15 years. Why 15? Came from nowhere. I mean, it&#8217;s more like a tradition.  Something in between what the Aztecs were celebrating and something what the  French people did. So then came the tradition of quincea\u00f1era. Now, little by  little, we&#8217;re moving and celebrating quincea\u00f1eros. That means boys celebrating  their 15 years birthday, and the reason is to celebrate life. In the  quincea\u00f1era, you will see the sponsors and the chambalanes and the damas  accompany the quincea\u00f1era. The priest is going to ask all the sponsors to come  forward and to present to the quincea\u00f1era the Bible that represents the word of  God, the candle representing her baptism, and also she&#8217;s going to receive some  symbols that came from the French tradition, and that&#8217;s the ring, the bracelets,  and a medal of Our Lady of Guadalupe. In the French tradition, that was the  first time the princess received the jewelry from the king and the queen. So  that&#8217;s not really part of the liturgy, but it&#8217;s part of the tradition of the  quincea\u00f1era. Then the mass pretty much is just a regular mass of thanksgiving  with the quincea\u00f1era right in the middle of the church. And at the end of the  ceremony, the priest is going to bless the quincea\u00f1era, is going to bless all  the objects that they have, and the quincea\u00f1era is going to go out along with  the chambalanes and the damas and the sponsors and the parents and everyone else  and get ready to go to the hall to the party to continue with the celebration of  the quincea\u00f1era. Originally the idea was she was entering into womanhood. Now  it&#8217;s more like she came to give thanks to God, and now she goes back to the  world, she goes back to regular life, but now with God&#8217;s blessing and with this  new attitude of having renewed her vows that the parents made in baptism to  promise that she will believe in God, she will be faithful, she will follow the  gospel of Jesus and things like that. And now she&#8217;s taken it for herself, and  now she&#8217;s taking all these with her to the regular life.<\/p>\n<p><strong>Q: What  was Good Shepherd Church like before you came here?<\/strong><\/p>\n<p>A:  Originally this parish was Polish in 1907 when it was founded. By the year 2000,  the church was almost dead, because the doors were not quite open to the  Hispanic community. I mean, they had Spanish masses and things like that, but  they didn&#8217;t have all the services like quincea\u00f1era, presentations, masses for  everything, for the anniversary of the death, for the anniversary of the wedding  and things like that, and so many other things that Hispanics really want from  the church, and they are very used to get from the church, especially Mexican  and Latin American. So because of that, people were leaving. Many {went] to  other parishes, in the best scenario, and some of them were leaving probably to  other denominations, other churches. We started to open the doors to the really  Hispanic community, which means all the traditions of the Hispanic community,  including the celebration of the Lady Guadalupe, the celebration of quincea\u00f1era,  the weddings in the Mexican style, which is a little bit different. Opened the  doors for them to request special masses for the dead, for anniversaries, to  present the little kids when they are born, when they are three years old, when  they are 40 days old &#8212; all these many, many traditions that we have in the  Hispanic culture. And so people were coming back to church, and we went from 900  people attending mass on Sundays to about 2800 people attending mass now on  Sundays, from only four services to six services because now people feel that  this is their church, this is their home, and this is the place where they can  celebrate their faith. Not only celebrate the mass, but they can celebrate their  faith.<\/p>\n<p><strong>Q: What is distinct about Hispanic spirituality and the  beliefs and practices they are bringing into the American church?<\/strong><\/p>\n<p>A: Well mostly it&#8217;s the Hispanic faith is based in celebrations. We  celebrate the faith. It&#8217;s not only the Eucharist, it&#8217;s not only the liturgy, but  it&#8217;s everything surrounding it. And actually many of the things that we do are  not part of the official liturgy of the church, but we do it. Why? Because in  the history of the church, especially in Latin America, many times they didn&#8217;t  have the priests or they didn&#8217;t have enough priests. So they have just lay  people, some good people taking care of the community, and that&#8217;s how they kept  alive the faith, praying the rosary, celebrating the saints, celebrating every  single thing in the community. Getting together for novenas, for posadas, for so  many different things that now they are part of the tradition of the faith of  the people, and you cannot separate them. You cannot separate and say, okay,  this is the official liturgy of the church, which is fine, but then we have a  lot of stuff that goes along. It gets connected with the liturgy of the church.<\/p>\n<p><strong>Q: You have spoken of &#8220;popular religiosity.&#8221; What are those  practices, and what does that mean?<\/strong><\/p>\n<p>A: Religiosia popular &#8212;  popular religiosity is mostly everything that people do in their homes and in  their private lives, like bringing the church to their homes, having altars in  their homes, in the living room, in the special place in the house. They have an  altar with the Lady Guadalupe, the saints, usually Saint Jude, Saint Anthony. So  that&#8217;s going to be the main place and that&#8217;s the place where family gets  together to pray the rosary, or just to ask for a blessing from mom and dad or  whatever. It&#8217;s a place where they celebrate the ones who are dead, and they put  the pictures, and they light the candles for them. Actually, it&#8217;s like an  extension, a branch of the church at home, and it&#8217;s a very important part of the  community. The rosaries, the novenas, the special prayers &#8212; we have so many  prayers that not even myself as a priest, I can&#8217;t know all of them, so that  people know them and people pray them and the people celebrate them. And, once  again, it is because Mexico being so Catholic, being mostly Catholic and with  not enough priests to cover all the areas, especially in the farms, so people &#8212;  they have to celebrate their faith somehow. So how they did it at home &#8212; using  grandma, grandpa, mom and dad. They became like the priest of the house, and  they preside at the services.<\/p>\n<p><strong>Q: Hispanic Catholics come to  church for a lot of different things that Americans don&#8217;t go to church  for.<\/strong><\/p>\n<p>A: Well, one of the things that is getting loose in the  American culture, American Catholicism, is confessions. It&#8217;s the contact of the  priest with the person. In the Hispanic culture, the priest is everything. We  are the priest, we are doctors, we are lawyers, we are counselors, we&#8217;re  everything. So if the family wants to know something about anything, the first  person that they are going to look advice from is the priest. And that&#8217;s why  it&#8217;s beautiful, because people come to church looking for the priest, for that  contact with that advice. So that&#8217;s a very rich part of the Hispanic  Catholicism, which sometimes it&#8217;s difficult for the American priests to  understand. Then it&#8217;s the celebration. We like to celebrate everything, and  everything that we celebrate got to have a blessing. You&#8217;ve got to be connected  with the church; you&#8217;ve got to be connected with that. That is a birthday, it&#8217;s  an anniversary, even anniversary of the death, anniversary of your wedding, or  could be the newborn to take the priest to give the first blessing to the kid,  the first place where you&#8217;ve got to take your kid &#8212; that got be the church. So  if it is a boy, you&#8217;ve got to get a special blessing. If it&#8217;s a girl, got to be  a special blessing. If you have &#8212; whatever you have, you always connect it with  God and with the church. That&#8217;s why everything that they do, they want to do it  with a mass.<\/p>\n<p><strong>Q: But isn&#8217;t there a certain ambivalence, too,  toward the clergy and this history of the abuelitas and the mothers and the  fathers taking over the teaching of the religion?<\/strong><\/p>\n<p>A: Yeah, but  it is because there were not enough priests, so what happened is the priests  used to go only probably once a month to that village. And that day and that  weekend the priest gave some information to the elderly of the village, and then  they were in charge of celebrating everything until the priest came back.  Actually, this is something that we used to say in Spanish. When something is  not very often, we say, well, it happens only when the priest comes, only when  the bishop comes, and it&#8217;s because that was probably once a month or probably  once a year.<\/p>\n<p><strong>Q: What would you say are the most profound ways  Hispanics are changing the American church?<\/strong><\/p>\n<p>A: Well, first they  are bringing back all the traditions that were made lost, like the holy hour,  adoration of the blessed sacrament, celebration of the saints, celebrations of  Our Lady, and celebrations of our Lord. All these things that can get lost in  American church, now it&#8217;s coming back because of the Hispanic culture, and also  because of the Polish culture that they celebrate a lot of those things. But  mostly because of the Hispanics asking the church to do this again. And that&#8217;s  why you can see now this procession for Lady Guadalupe. We have processions for  the blessed sacraments, we have processions for almost everything &#8212; for Good  Friday, [and] Holy Week is full with so many traditions.<\/p>\n<p><strong>Q: What  about emphasis on family, on other values?<\/strong><\/p>\n<p>A: As I said before,  everything that we do in the Hispanic culture has to be blessed by the priests  or by the church, which means that also the church and the priest got to kind of  say it is okay what you are doing, which means you&#8217;ve got to live according with  the teaching of the church &#8212; having a strong family, living together, praying  together, spending time together. So family is so important in the Hispanic  culture and especially because we considered this as a gift from God and  something that we have to follow. So that&#8217;s also a good thing that we are  bringing back to the American culture. And you can see in the church, you can  see a lot of kids, a lot of young people, a lot of couples and families, because  that&#8217;s a tradition. Everybody comes to church, and they come as a family, and  even if they don&#8217;t come as a family, you see a lot of young people just coming  by themselves, because they&#8217;ve got to come to church.<\/p>\n<p><strong>Q: How  about social issues? How have Hispanics influenced the church on economic  issues, immigration issues?<\/strong><\/p>\n<p>A: Well, this is very important  issue because the church was not ready to receive the Hispanic community in the  United States. So the church is still trying to find the ways to deal not only  with the new demands religion-wise of the Hispanic community, but also the  social needs of the community, because unlike the Irish community, the Polish  community, the Italian community, the Hispanics &#8212; they didn&#8217;t bring their  priests, so they bring that by themselves, and now they ask for the church to  welcome them. And the church wanted to welcome them, but the church didn&#8217;t know  how to do it. So some of the reason how they didn&#8217;t know how to welcome them,  how to help them, that was to know some of their issues. And some of the issues  [are] social justice, immigration, domestic violence and, once again, the  Hispanic people are going to always look for the church for answers, for  guidance, for help. So what is happening now is the church is trying to, I don&#8217;t  know, to understand this reality and to get ready, inviting priests like myself  here in Chicago, but we were born in Mexico, and inviting us to help them how to  deal with these issues. Right now, we have the Priests for Justice working for  immigration reform and teaching the future church in the United States about  this issue that they just don&#8217;t know, because that was not part of their history  or their tradition when the first communities came. Immigration was very  different. So it&#8217;s an education issue for the church, and still it&#8217;s a very  present issue of the church.<\/p>\n<p><strong>Q: Do you think Hispanics are still  marginalized in the American Catholic Church?<\/strong><\/p>\n<p>A: I think yes.  Not because the church wants, but as I said, the church was not ready, and still  in many places not ready to welcome the Hispanic community. So of course that  makes, is a reason for marginalize &#8212; not taking care of the Hispanic community.  And many times it&#8217;s because they don&#8217;t know how to do it. And I was telling you,  the Hispanic community, they look for the priests and they look for the church  for everything. And many of the priests and many of the bishops and many of the  dioceses, they don&#8217;t know how to deal with that. I mean, the priests, they are  not ready; they didn&#8217;t have the information to deal with all these issues. They  said, &#8220;I&#8217;m a priest, I&#8217;m not a counselor.&#8221; So for the Hispanics, you&#8217;ve got to  be a priest, you&#8217;ve got to be a counselor, you&#8217;ve got to be a lawyer, you&#8217;ve got  to be a doctor. They are going to look for you for everything. And so this has  been a challenge for the priests and for the church itself in the United States.<\/p>\n<p><strong>Q: What do you think the Catholic Church in America will look  like in ten years?<\/strong><\/p>\n<p>A: Well, right now it looks more Hispanic,  because 40 percent of the &#8212; at least in Chicago, 40 percent of the Catholics in  Chicago are Hispanics. In the United States, we are about 30 percent of  Catholics. In ten years probably we&#8217;re going to be 60 percent of Catholics and  probably 80 percent of active Catholics in the United States, because there are  a lot of Catholics not practicing their faith, and one of the characteristics of  the Hispanic community is spirituality. So they come to church and they always  look for the church for everything. And it&#8217;s a challenge. It is a big challenge  for the church because, as I said, the church was not ready and we are losing a  lot of Hispanics, because the things that the Catholic Church is not doing many  other churches and many other denominations are doing.<\/p>\n<p><strong>Q: What  is it that the Catholic Church is not doing that it needs to do?<\/strong><\/p>\n<p>A: Welcoming them, adopting their services to the Hispanic community,  like having bilingual people, because this is very interesting issue. Even when  you have first, second, third generation that probably are more fluent in  English than in Spanish, every time that they have to worship God or prayer,  they prefer to do it in Spanish. We have the teenagers, the confirmation classes  &#8212; 160 kids. The classes are in English. The kids feel more comfortable in  English, they read better in English, English is mostly their first language.  But if you ask them if they want to go to mass in English, they say, &#8220;No, we  want to go to mass in Spanish.&#8221; Why? Not even they know why exactly they want to  pray in Spanish. It&#8217;s something that is in the roots, maybe, because they  learned that from grandma or grandpa or whatever. But it&#8217;s something very big,  and that&#8217;s not going to change in the next 10 or 20 years.<\/p>\n<p><strong>Q:  I&#8217;m curious if you see a difference in the spirituality between the  first-generation immigrants and the second- and third-generation, the kids and  the grandchildren of people who have been here?<\/strong><\/p>\n<p>A: Yes. It is  another big challenge for the church because, once again, the church was not  ready to welcome the new immigrants. So now the church is catching up with the  new immigrants. We are trying to open services for them, and there are so many  that they pack the churches, they pack the services, and they take all the time  of the priests. So right now we are not putting a lot of time and a lot of  effort in the needs of the new generations, and especially how to accompany  them, because they are born here in the United States and they are getting all  the good things of the American culture, and also some of the bad things. But  also they have all the background of the Hispanic community and they speak  Spanish at home, but it&#8217;s a new reality. It&#8217;s Mexican Americans; it&#8217;s something  that we need to deal with. And as I said, they like to worship in Spanish, but  they want to talk in English. So it is a new challenge for the church how to  accommodate them to this new reality and how to help them to really identify  themselves as Mexican American Catholics in this new situation in the United  States. So we&#8217;re working very hard with especially teenagers, because they are  the ones who are suffering the most, and it&#8217;s getting difficult, and that&#8217;s why  you can see some of the effects of all this conflict in accommodating the native  culture to the new culture. And one of those things are the gang problem that we  have on the streets, the very high percentage of teenagers getting pregnant, the  kids dropping high school, or even in grammar school. It&#8217;s one of the  consequences of all this integration that is happening. And the church is  struggling in, I don&#8217;t know, in catching up with them.<\/p>\n<p><strong>Q:  Finally, how do you think the large presence of Hispanics and the practices they  bring will affect the American Catholic Church?<\/strong><br \/>\n<!-- do nothing if print version --><br \/>\nA: Well, I think in a positive way.  Many of the churches where the priest is able to integrate both communities and  both communities can learn from each other has been a great success, because the  American culture, the American Catholicism &#8212; they really want all this  practice, because it&#8217;s part of our Catholic tradition. What happened &#8212; I don&#8217;t  know what happened somewhere in history in the &#8217;60s and the &#8217;50s that many of  these beautiful things got lost. But that&#8217;s part of the Catholic tradition. It&#8217;s  not only of the Hispanic tradition; it&#8217;s part of the Catholic tradition. So the  American Catholicism is very happy in bringing back all those practices &#8212;  processions and images in church, things like that, that now Hispanics are  bringing along with them. So when you&#8217;re able to communicate this message to  both cultures and, for example, for us Catholics to learn from the Catholic  Americans about being on time for services, being very well organized in all the  services, and things like that, it&#8217;s beautiful for us, and we can use it. And so  you can have a beautiful combination of both. We have beautiful communities,  beautiful parishes where we have two or three or four different cultures working  together in only one faith, the Catholic faith, the Catholic tradition, the call  that we receive to be only one family.<\/p>\n","protected":false},"excerpt":{"rendered":"<p>Read more of Judy Valente&#8217;s interview with Father Marco Antonio Mercado of Good Shepherd Catholic Church in Chicago: Father Marco Antonio Mercado Q: Help us to understand some of the events in the liturgy celebrating the Virgin of Guadalupe, and &hellip; <a href=\"https:\/\/www.pbs.org\/wnet\/religionandethics\/2008\/11\/26\/father-marco-antonio-mercado-on-hispanic-catholics\/1489\/\" class=\"more\">More <span class=\"meta-nav\">&rarr;<\/span><\/a><\/p>\n","protected":false},"author":51,"featured_media":16396,"comment_status":"open","ping_status":"open","sticky":false,"template":"","format":"standard","meta":{"footnotes":""},"categories":[1],"tags":[],"class_list":["post-1489","post","type-post","status-publish","format-standard","has-post-thumbnail","hentry","category-uncategorized","topics-belief-and-practice","faith-catholic"],"yoast_head":"<!-- This site is optimized with the Yoast SEO plugin v27.4 - https:\/\/yoast.com\/product\/yoast-seo-wordpress\/ -->\n<title>Father Marco Antonio Mercado on Hispanic Catholics | November 26, 2008 | Religion &amp; Ethics NewsWeekly | PBS<\/title>\n<meta name=\"description\" content=\"Read more of Judy Valente\u2019s interview with Father Marco Antonio Mercado of Good Shepherd Catholic Church in Chicago.\" \/>\n<meta name=\"robots\" content=\"index, follow, max-snippet:-1, max-image-preview:large, max-video-preview:-1\" \/>\n<link rel=\"canonical\" href=\"https:\/\/www.pbs.org\/wnet\/religionandethics\/2008\/11\/26\/father-marco-antonio-mercado-on-hispanic-catholics\/1489\/\" \/>\n<meta property=\"og:locale\" content=\"en_US\" \/>\n<meta property=\"og:type\" content=\"article\" \/>\n<meta property=\"og:title\" content=\"Father Marco Antonio Mercado on Hispanic Catholics | November 26, 2008 | Religion &amp; Ethics NewsWeekly | PBS\" \/>\n<meta property=\"og:description\" content=\"Read more of Judy Valente\u2019s interview with Father Marco Antonio Mercado of Good Shepherd Catholic Church in Chicago.\" \/>\n<meta property=\"og:url\" content=\"https:\/\/www.pbs.org\/wnet\/religionandethics\/2008\/11\/26\/father-marco-antonio-mercado-on-hispanic-catholics\/1489\/\" \/>\n<meta property=\"og:site_name\" content=\"Religion &amp; Ethics NewsWeekly\" \/>\n<meta property=\"article:publisher\" content=\"https:\/\/www.facebook.com\/PBS.ReligionEthics\/\" \/>\n<meta property=\"article:published_time\" content=\"2008-11-26T19:48:28+00:00\" \/>\n<meta property=\"article:modified_time\" content=\"2013-05-10T19:03:02+00:00\" \/>\n<meta property=\"og:image\" content=\"https:\/\/www.pbs.org\/wnet\/religionandethics\/files\/2008\/11\/1213_hispaniccatholics_mercadothumbnail.jpg\" \/>\n\t<meta property=\"og:image:width\" content=\"200\" \/>\n\t<meta property=\"og:image:height\" content=\"100\" \/>\n\t<meta property=\"og:image:type\" content=\"image\/jpeg\" \/>\n<meta name=\"author\" content=\"fabiana ramirez\" \/>\n<meta name=\"twitter:card\" content=\"summary_large_image\" \/>\n<meta name=\"twitter:creator\" content=\"@ReligionEthics\" \/>\n<meta name=\"twitter:site\" content=\"@ReligionEthics\" \/>\n<meta name=\"twitter:label1\" content=\"Written by\" \/>\n\t<meta name=\"twitter:data1\" content=\"fabiana ramirez\" \/>\n\t<meta name=\"twitter:label2\" content=\"Est. reading time\" \/>\n\t<meta name=\"twitter:data2\" content=\"23 minutes\" \/>\n<script type=\"application\/ld+json\" class=\"yoast-schema-graph\">{\"@context\":\"https:\\\/\\\/schema.org\",\"@graph\":[{\"@type\":\"Article\",\"@id\":\"https:\\\/\\\/www.pbs.org\\\/wnet\\\/religionandethics\\\/2008\\\/11\\\/26\\\/father-marco-antonio-mercado-on-hispanic-catholics\\\/1489\\\/#article\",\"isPartOf\":{\"@id\":\"https:\\\/\\\/www.pbs.org\\\/wnet\\\/religionandethics\\\/2008\\\/11\\\/26\\\/father-marco-antonio-mercado-on-hispanic-catholics\\\/1489\\\/\"},\"author\":{\"name\":\"fabiana ramirez\",\"@id\":\"https:\\\/\\\/www.pbs.org\\\/wnet\\\/religionandethics\\\/#\\\/schema\\\/person\\\/9b7341f0157ac105b75b5095a1be840e\"},\"headline\":\"Father Marco Antonio Mercado on Hispanic Catholics\",\"datePublished\":\"2008-11-26T19:48:28+00:00\",\"dateModified\":\"2013-05-10T19:03:02+00:00\",\"mainEntityOfPage\":{\"@id\":\"https:\\\/\\\/www.pbs.org\\\/wnet\\\/religionandethics\\\/2008\\\/11\\\/26\\\/father-marco-antonio-mercado-on-hispanic-catholics\\\/1489\\\/\"},\"wordCount\":4669,\"commentCount\":0,\"image\":{\"@id\":\"https:\\\/\\\/www.pbs.org\\\/wnet\\\/religionandethics\\\/2008\\\/11\\\/26\\\/father-marco-antonio-mercado-on-hispanic-catholics\\\/1489\\\/#primaryimage\"},\"thumbnailUrl\":\"https:\\\/\\\/www.pbs.org\\\/wnet\\\/religionandethics\\\/files\\\/2008\\\/11\\\/1213_hispaniccatholics_mercadothumbnail.jpg\",\"inLanguage\":\"en-US\",\"potentialAction\":[{\"@type\":\"CommentAction\",\"name\":\"Comment\",\"target\":[\"https:\\\/\\\/www.pbs.org\\\/wnet\\\/religionandethics\\\/2008\\\/11\\\/26\\\/father-marco-antonio-mercado-on-hispanic-catholics\\\/1489\\\/#respond\"]}]},{\"@type\":\"WebPage\",\"@id\":\"https:\\\/\\\/www.pbs.org\\\/wnet\\\/religionandethics\\\/2008\\\/11\\\/26\\\/father-marco-antonio-mercado-on-hispanic-catholics\\\/1489\\\/\",\"url\":\"https:\\\/\\\/www.pbs.org\\\/wnet\\\/religionandethics\\\/2008\\\/11\\\/26\\\/father-marco-antonio-mercado-on-hispanic-catholics\\\/1489\\\/\",\"name\":\"Father Marco Antonio Mercado on Hispanic Catholics | November 26, 2008 | Religion &amp; Ethics NewsWeekly | PBS\",\"isPartOf\":{\"@id\":\"https:\\\/\\\/www.pbs.org\\\/wnet\\\/religionandethics\\\/#website\"},\"primaryImageOfPage\":{\"@id\":\"https:\\\/\\\/www.pbs.org\\\/wnet\\\/religionandethics\\\/2008\\\/11\\\/26\\\/father-marco-antonio-mercado-on-hispanic-catholics\\\/1489\\\/#primaryimage\"},\"image\":{\"@id\":\"https:\\\/\\\/www.pbs.org\\\/wnet\\\/religionandethics\\\/2008\\\/11\\\/26\\\/father-marco-antonio-mercado-on-hispanic-catholics\\\/1489\\\/#primaryimage\"},\"thumbnailUrl\":\"https:\\\/\\\/www.pbs.org\\\/wnet\\\/religionandethics\\\/files\\\/2008\\\/11\\\/1213_hispaniccatholics_mercadothumbnail.jpg\",\"datePublished\":\"2008-11-26T19:48:28+00:00\",\"dateModified\":\"2013-05-10T19:03:02+00:00\",\"author\":{\"@id\":\"https:\\\/\\\/www.pbs.org\\\/wnet\\\/religionandethics\\\/#\\\/schema\\\/person\\\/9b7341f0157ac105b75b5095a1be840e\"},\"description\":\"Read more of Judy Valente\u2019s interview with Father Marco Antonio Mercado of Good Shepherd Catholic Church in Chicago.\",\"inLanguage\":\"en-US\",\"potentialAction\":[{\"@type\":\"ReadAction\",\"target\":[\"https:\\\/\\\/www.pbs.org\\\/wnet\\\/religionandethics\\\/2008\\\/11\\\/26\\\/father-marco-antonio-mercado-on-hispanic-catholics\\\/1489\\\/\"]}]},{\"@type\":\"ImageObject\",\"inLanguage\":\"en-US\",\"@id\":\"https:\\\/\\\/www.pbs.org\\\/wnet\\\/religionandethics\\\/2008\\\/11\\\/26\\\/father-marco-antonio-mercado-on-hispanic-catholics\\\/1489\\\/#primaryimage\",\"url\":\"https:\\\/\\\/www.pbs.org\\\/wnet\\\/religionandethics\\\/files\\\/2008\\\/11\\\/1213_hispaniccatholics_mercadothumbnail.jpg\",\"contentUrl\":\"https:\\\/\\\/www.pbs.org\\\/wnet\\\/religionandethics\\\/files\\\/2008\\\/11\\\/1213_hispaniccatholics_mercadothumbnail.jpg\",\"width\":200,\"height\":100},{\"@type\":\"WebSite\",\"@id\":\"https:\\\/\\\/www.pbs.org\\\/wnet\\\/religionandethics\\\/#website\",\"url\":\"https:\\\/\\\/www.pbs.org\\\/wnet\\\/religionandethics\\\/\",\"name\":\"Religion &amp; Ethics NewsWeekly\",\"description\":\"An examination of religion&#039;s role and the ethical dimensions behind top news headlines.\",\"potentialAction\":[{\"@type\":\"SearchAction\",\"target\":{\"@type\":\"EntryPoint\",\"urlTemplate\":\"https:\\\/\\\/www.pbs.org\\\/wnet\\\/religionandethics\\\/search-results\\\/?q={search_term_string}\"},\"query-input\":{\"@type\":\"PropertyValueSpecification\",\"valueRequired\":true,\"valueName\":\"search_term_string\"}}],\"inLanguage\":\"en-US\"},{\"@type\":\"Person\",\"@id\":\"https:\\\/\\\/www.pbs.org\\\/wnet\\\/religionandethics\\\/#\\\/schema\\\/person\\\/9b7341f0157ac105b75b5095a1be840e\",\"name\":\"fabiana ramirez\",\"sameAs\":[\"http:\\\/\\\/\"],\"url\":\"https:\\\/\\\/www.pbs.org\\\/wnet\\\/religionandethics\\\/author\\\/fabiana-ramirez\\\/\"}]}<\/script>\n<!-- \/ Yoast SEO plugin. -->","yoast_head_json":{"title":"Father Marco Antonio Mercado on Hispanic Catholics | November 26, 2008 | Religion &amp; Ethics NewsWeekly | PBS","description":"Read more of Judy Valente\u2019s interview with Father Marco Antonio Mercado of Good Shepherd Catholic Church in Chicago.","robots":{"index":"index","follow":"follow","max-snippet":"max-snippet:-1","max-image-preview":"max-image-preview:large","max-video-preview":"max-video-preview:-1"},"canonical":"https:\/\/www.pbs.org\/wnet\/religionandethics\/2008\/11\/26\/father-marco-antonio-mercado-on-hispanic-catholics\/1489\/","og_locale":"en_US","og_type":"article","og_title":"Father Marco Antonio Mercado on Hispanic Catholics | November 26, 2008 | Religion &amp; Ethics NewsWeekly | PBS","og_description":"Read more of Judy Valente\u2019s interview with Father Marco Antonio Mercado of Good Shepherd Catholic Church in Chicago.","og_url":"https:\/\/www.pbs.org\/wnet\/religionandethics\/2008\/11\/26\/father-marco-antonio-mercado-on-hispanic-catholics\/1489\/","og_site_name":"Religion &amp; Ethics NewsWeekly","article_publisher":"https:\/\/www.facebook.com\/PBS.ReligionEthics\/","article_published_time":"2008-11-26T19:48:28+00:00","article_modified_time":"2013-05-10T19:03:02+00:00","og_image":[{"width":200,"height":100,"url":"https:\/\/www.pbs.org\/wnet\/religionandethics\/files\/2008\/11\/1213_hispaniccatholics_mercadothumbnail.jpg","type":"image\/jpeg"}],"author":"fabiana ramirez","twitter_card":"summary_large_image","twitter_creator":"@ReligionEthics","twitter_site":"@ReligionEthics","twitter_misc":{"Written by":"fabiana ramirez","Est. reading time":"23 minutes"},"schema":{"@context":"https:\/\/schema.org","@graph":[{"@type":"Article","@id":"https:\/\/www.pbs.org\/wnet\/religionandethics\/2008\/11\/26\/father-marco-antonio-mercado-on-hispanic-catholics\/1489\/#article","isPartOf":{"@id":"https:\/\/www.pbs.org\/wnet\/religionandethics\/2008\/11\/26\/father-marco-antonio-mercado-on-hispanic-catholics\/1489\/"},"author":{"name":"fabiana ramirez","@id":"https:\/\/www.pbs.org\/wnet\/religionandethics\/#\/schema\/person\/9b7341f0157ac105b75b5095a1be840e"},"headline":"Father Marco Antonio Mercado on Hispanic Catholics","datePublished":"2008-11-26T19:48:28+00:00","dateModified":"2013-05-10T19:03:02+00:00","mainEntityOfPage":{"@id":"https:\/\/www.pbs.org\/wnet\/religionandethics\/2008\/11\/26\/father-marco-antonio-mercado-on-hispanic-catholics\/1489\/"},"wordCount":4669,"commentCount":0,"image":{"@id":"https:\/\/www.pbs.org\/wnet\/religionandethics\/2008\/11\/26\/father-marco-antonio-mercado-on-hispanic-catholics\/1489\/#primaryimage"},"thumbnailUrl":"https:\/\/www.pbs.org\/wnet\/religionandethics\/files\/2008\/11\/1213_hispaniccatholics_mercadothumbnail.jpg","inLanguage":"en-US","potentialAction":[{"@type":"CommentAction","name":"Comment","target":["https:\/\/www.pbs.org\/wnet\/religionandethics\/2008\/11\/26\/father-marco-antonio-mercado-on-hispanic-catholics\/1489\/#respond"]}]},{"@type":"WebPage","@id":"https:\/\/www.pbs.org\/wnet\/religionandethics\/2008\/11\/26\/father-marco-antonio-mercado-on-hispanic-catholics\/1489\/","url":"https:\/\/www.pbs.org\/wnet\/religionandethics\/2008\/11\/26\/father-marco-antonio-mercado-on-hispanic-catholics\/1489\/","name":"Father Marco Antonio Mercado on Hispanic Catholics | November 26, 2008 | Religion &amp; Ethics NewsWeekly | PBS","isPartOf":{"@id":"https:\/\/www.pbs.org\/wnet\/religionandethics\/#website"},"primaryImageOfPage":{"@id":"https:\/\/www.pbs.org\/wnet\/religionandethics\/2008\/11\/26\/father-marco-antonio-mercado-on-hispanic-catholics\/1489\/#primaryimage"},"image":{"@id":"https:\/\/www.pbs.org\/wnet\/religionandethics\/2008\/11\/26\/father-marco-antonio-mercado-on-hispanic-catholics\/1489\/#primaryimage"},"thumbnailUrl":"https:\/\/www.pbs.org\/wnet\/religionandethics\/files\/2008\/11\/1213_hispaniccatholics_mercadothumbnail.jpg","datePublished":"2008-11-26T19:48:28+00:00","dateModified":"2013-05-10T19:03:02+00:00","author":{"@id":"https:\/\/www.pbs.org\/wnet\/religionandethics\/#\/schema\/person\/9b7341f0157ac105b75b5095a1be840e"},"description":"Read more of Judy Valente\u2019s interview with Father Marco Antonio Mercado of Good Shepherd Catholic Church in Chicago.","inLanguage":"en-US","potentialAction":[{"@type":"ReadAction","target":["https:\/\/www.pbs.org\/wnet\/religionandethics\/2008\/11\/26\/father-marco-antonio-mercado-on-hispanic-catholics\/1489\/"]}]},{"@type":"ImageObject","inLanguage":"en-US","@id":"https:\/\/www.pbs.org\/wnet\/religionandethics\/2008\/11\/26\/father-marco-antonio-mercado-on-hispanic-catholics\/1489\/#primaryimage","url":"https:\/\/www.pbs.org\/wnet\/religionandethics\/files\/2008\/11\/1213_hispaniccatholics_mercadothumbnail.jpg","contentUrl":"https:\/\/www.pbs.org\/wnet\/religionandethics\/files\/2008\/11\/1213_hispaniccatholics_mercadothumbnail.jpg","width":200,"height":100},{"@type":"WebSite","@id":"https:\/\/www.pbs.org\/wnet\/religionandethics\/#website","url":"https:\/\/www.pbs.org\/wnet\/religionandethics\/","name":"Religion &amp; Ethics NewsWeekly","description":"An examination of religion&#039;s role and the ethical dimensions behind top news headlines.","potentialAction":[{"@type":"SearchAction","target":{"@type":"EntryPoint","urlTemplate":"https:\/\/www.pbs.org\/wnet\/religionandethics\/search-results\/?q={search_term_string}"},"query-input":{"@type":"PropertyValueSpecification","valueRequired":true,"valueName":"search_term_string"}}],"inLanguage":"en-US"},{"@type":"Person","@id":"https:\/\/www.pbs.org\/wnet\/religionandethics\/#\/schema\/person\/9b7341f0157ac105b75b5095a1be840e","name":"fabiana ramirez","sameAs":["http:\/\/"],"url":"https:\/\/www.pbs.org\/wnet\/religionandethics\/author\/fabiana-ramirez\/"}]}},"_links":{"self":[{"href":"https:\/\/www.pbs.org\/wnet\/religionandethics\/wp-json\/wp\/v2\/posts\/1489","targetHints":{"allow":["GET"]}}],"collection":[{"href":"https:\/\/www.pbs.org\/wnet\/religionandethics\/wp-json\/wp\/v2\/posts"}],"about":[{"href":"https:\/\/www.pbs.org\/wnet\/religionandethics\/wp-json\/wp\/v2\/types\/post"}],"author":[{"embeddable":true,"href":"https:\/\/www.pbs.org\/wnet\/religionandethics\/wp-json\/wp\/v2\/users\/51"}],"replies":[{"embeddable":true,"href":"https:\/\/www.pbs.org\/wnet\/religionandethics\/wp-json\/wp\/v2\/comments?post=1489"}],"version-history":[{"count":0,"href":"https:\/\/www.pbs.org\/wnet\/religionandethics\/wp-json\/wp\/v2\/posts\/1489\/revisions"}],"wp:featuredmedia":[{"embeddable":true,"href":"https:\/\/www.pbs.org\/wnet\/religionandethics\/wp-json\/wp\/v2\/media\/16396"}],"wp:attachment":[{"href":"https:\/\/www.pbs.org\/wnet\/religionandethics\/wp-json\/wp\/v2\/media?parent=1489"}],"wp:term":[{"taxonomy":"category","embeddable":true,"href":"https:\/\/www.pbs.org\/wnet\/religionandethics\/wp-json\/wp\/v2\/categories?post=1489"},{"taxonomy":"post_tag","embeddable":true,"href":"https:\/\/www.pbs.org\/wnet\/religionandethics\/wp-json\/wp\/v2\/tags?post=1489"}],"curies":[{"name":"wp","href":"https:\/\/api.w.org\/{rel}","templated":true}]}}